{"id":324,"date":"2015-08-13T12:24:42","date_gmt":"2015-08-13T10:24:42","guid":{"rendered":"http:\/\/franklin-nanclares.net\/w\/?p=324"},"modified":"2018-11-10T13:06:50","modified_gmt":"2018-11-10T12:06:50","slug":"proyecto-feria-de-muestras-2015-edicion-59","status":"publish","type":"post","link":"https:\/\/franklin-nanclares.net\/index.php\/2015\/08\/13\/proyecto-feria-de-muestras-2015-edicion-59\/","title":{"rendered":"Proyecto Feria de Muestras 2015 Edicion 59"},"content":{"rendered":"<p>ETV Principado da a conocer El Renacer de TeleAsturias en La Feria de Muestras los d\u00edas 11 y 12 de Agosto del 2015, El \u00fanico canal que esta apoyando a muchos de los comerciantes de la feria de muestras dando a conocer su trayectoria comercial, las novedades de este a\u00f1o, la recuperaci\u00f3n econ\u00f3mica, y tambi\u00e9n da a conocer el prop\u00f3sito del canal por etv por internet y TeleAsturias, un canal para la gente Joven, Emprendedora y con ganas de superaci\u00f3n personal, invitando a todos los j\u00f3venes estudiantes, aut\u00f3nomos, emprendedores, desempleados o cualquiera que se la situaci\u00f3n a formar parte de este gran proyecto a que cuenten con el apoyo de este nuevo equipo, de este nuevo proyecto en el que se tiene mucha Fe, y que pide el apoyo de todos las personas, en vuestra sinton\u00eda, y en su patrocinio, tambi\u00e9n de su posicionamiento del canal en tu mando al canal 9, y darle asi el gran renacimiento AL NUEVO TELEASTURIAS.<\/p>\n<p>Los participantes que forman parte de este proyecto etv incluyen:<\/p>\n<ul>\n<li>Presentaci\u00f3n: Osmar Sanch\u00e9z<\/li>\n<li>Grabaci\u00f3n y Producci\u00f3n: Franklin A. Nanclares<\/li>\n<\/ul>\n<p><iframe loading=\"lazy\" src=\"https:\/\/www.youtube.com\/embed\/AXBV-XWjhnI\" width=\"560\" height=\"315\" frameborder=\"0\" allowfullscreen=\"allowfullscreen\"><\/iframe><\/p>\n<p>Negocios Participantes en este video:<\/p>\n<ul>\n<li>FARO &#8211; Reformas Integrales<\/li>\n<li>Cl\u00ednicas L\u00e1ser Dental<\/li>\n<li>Cafeter\u00eda La Paloma<\/li>\n<li>Tertex<\/li>\n<li>Creoquete<\/li>\n<li>Garaje Paco<\/li>\n<li>Los Belenos<\/li>\n<li>Albama<\/li>\n<li>KIA<\/li>\n<\/ul>\n<p><iframe loading=\"lazy\" src=\"https:\/\/www.youtube.com\/embed\/V0o0fiIM_NI\" width=\"560\" height=\"315\" frameborder=\"0\" allowfullscreen=\"allowfullscreen\"><\/iframe><\/p>\n<p>S\u00e9ptimo Programa Especial Feria de Muestras edicion 59<\/p>\n<p>ETV Principado en TeleAsturias ha presentado y promovido a lo largo de los d\u00edas de la feria de muestras (1 al 13 de Agosto) varios stands que tanto nuevos de 1 a 2 a\u00f1os como aquellos que llevan mas de 30 a\u00f1os viniendo a la feria de Muestras. Nuestra idea es tomar ejemplo y aprender de aquellos grandes expertos en la materia y ense\u00f1ar, motivar y promover a todos aquellos que desean poner un negocio, ser aut\u00f3nomo y terminar de emprender su empresa. hemos visto y veremos mas de estos ejemplos en los pr\u00f3ximos d\u00edas y si tu quieres puedes&#8230;..ANIMO!!<\/p>\n<p>Negocios participante en este video:<\/p>\n<ul>\n<li>Cantina Villalegre<\/li>\n<li>Ibermueble<\/li>\n<li>Svida Formacion<\/li>\n<li>CMI Casas Modulares Indrustrializadas<\/li>\n<li>Astur Carretillas<\/li>\n<li>Sisarga<\/li>\n<li>Estufas Efilume<\/li>\n<li>Sercomp<\/li>\n<\/ul>\n<p><iframe loading=\"lazy\" src=\"https:\/\/www.youtube.com\/embed\/6BurYZK0GnE\" width=\"560\" height=\"315\" frameborder=\"0\" allowfullscreen=\"allowfullscreen\"><\/iframe><\/p>\n<p>ETV Principado da cobertura a la feria de muestras de Gijon entrevistando a mas de 150 negocios y dando a conocer sus ofertas y principalmente al tele vidente en los grandes ahorros que puede llegar a tener aprovech\u00e1ndose de estos d\u00edas de feria aqu\u00ed en este v\u00eddeo podemos ver unos cuantos de estos negocios y estas ofertas. TeleAsturias tambi\u00e9n conocido en este a\u00f1o como el \u00fanico canal oficial de la feria de muestras edici\u00f3n 59 que brindo apoyo a los emprendedores, comerciantes, promotores, autonomos etc.<\/p>\n<ul>\n<li>Casa de Comidas\u00a0Chema<\/li>\n<li>Taller Midas Avil\u00e9s<\/li>\n<li>Auto Escuelas Iberia<\/li>\n<li>Az\u00facar Cuba<\/li>\n<li>Ovisat<\/li>\n<li>Muebles Del Turia<\/li>\n<li>Gij\u00f3n Impulsa<\/li>\n<\/ul>\n<p><iframe loading=\"lazy\" src=\"https:\/\/www.youtube.com\/embed\/bchbx0uYhco\" width=\"560\" height=\"315\" frameborder=\"0\" allowfullscreen=\"allowfullscreen\"><\/iframe><\/p>\n<p>Cobertura especial en la feria, El se\u00f1or Feliz Baraga\u00f1o reconoce el gran logro de la feria de muestras y Teleasturias siendo la cadena oficial de la feria de muestras y felicita a Raul de Garajes paco por sus logros.<\/p>\n<ul>\n<li>TECA<\/li>\n<li>QUILDING<\/li>\n<li>KIA<\/li>\n<li>SCOLA<\/li>\n<li>GARAJE PACO<\/li>\n<li>APPTELO<\/li>\n<li>ALAIN<\/li>\n<\/ul>\n<p><a href=\"https:\/\/www.youtube.com\/channel\/UCpSGGXx__uNAlE5a_u-2c0Q\">Canal Youtube<\/a><\/p>\n<p>&nbsp;<\/p>\n","protected":false},"excerpt":{"rendered":"<p>ETV Principado da a conocer El Renacer de TeleAsturias en La Feria de Muestras los d\u00edas 11 y 12 de Agosto del 2015, El \u00fanico canal que esta apoyando a muchos de los comerciantes de la feria de muestras dando a conocer su trayectoria comercial, las novedades de este a\u00f1o, la recuperaci\u00f3n econ\u00f3mica, y tambi\u00e9n &hellip; <\/p>\n<p class=\"link-more\"><a href=\"https:\/\/franklin-nanclares.net\/index.php\/2015\/08\/13\/proyecto-feria-de-muestras-2015-edicion-59\/\" class=\"more-link\">Continuar leyendo<span class=\"screen-reader-text\"> \u00abProyecto Feria de Muestras 2015 Edicion 59\u00bb<\/span><\/a><\/p>\n","protected":false},"author":1,"featured_media":0,"comment_status":"open","ping_status":"open","sticky":false,"template":"","format":"standard","meta":{"footnotes":""},"categories":[1],"tags":[99,79,98,90,91,87,88,74,83,76,85,70,73,69,72,77,94,81,80,78,93,71,92,96,97,86,84,82,89,95,75],"class_list":["post-324","post","type-post","status-publish","format-standard","hentry","category-event","tag-alain","tag-albama","tag-apptelo","tag-auto-escuela-iberia","tag-azucar-cuba","tag-casa","tag-casa-de-comidas-chema","tag-clinicas-laser-dental","tag-cmi-casa-modulares","tag-creoquete","tag-efilume","tag-etv","tag-faro-reformas-integrales","tag-feria-de-muestras","tag-franklin-a-nanclares","tag-garaje-paco","tag-gijon-impulsa","tag-ibermueble","tag-kia","tag-los-belenos","tag-muebles-del-turia","tag-osmar-sanchez","tag-ovisat","tag-quilding","tag-scola","tag-sercomp","tag-sisarga","tag-svida-formacion","tag-taller-midas-aviles","tag-teca","tag-tertex"],"_links":{"self":[{"href":"https:\/\/franklin-nanclares.net\/index.php\/wp-json\/wp\/v2\/posts\/324","targetHints":{"allow":["GET"]}}],"collection":[{"href":"https:\/\/franklin-nanclares.net\/index.php\/wp-json\/wp\/v2\/posts"}],"about":[{"href":"https:\/\/franklin-nanclares.net\/index.php\/wp-json\/wp\/v2\/types\/post"}],"author":[{"embeddable":true,"href":"https:\/\/franklin-nanclares.net\/index.php\/wp-json\/wp\/v2\/users\/1"}],"replies":[{"embeddable":true,"href":"https:\/\/franklin-nanclares.net\/index.php\/wp-json\/wp\/v2\/comments?post=324"}],"version-history":[{"count":5,"href":"https:\/\/franklin-nanclares.net\/index.php\/wp-json\/wp\/v2\/posts\/324\/revisions"}],"predecessor-version":[{"id":329,"href":"https:\/\/franklin-nanclares.net\/index.php\/wp-json\/wp\/v2\/posts\/324\/revisions\/329"}],"wp:attachment":[{"href":"https:\/\/franklin-nanclares.net\/index.php\/wp-json\/wp\/v2\/media?parent=324"}],"wp:term":[{"taxonomy":"category","embeddable":true,"href":"https:\/\/franklin-nanclares.net\/index.php\/wp-json\/wp\/v2\/categories?post=324"},{"taxonomy":"post_tag","embeddable":true,"href":"https:\/\/franklin-nanclares.net\/index.php\/wp-json\/wp\/v2\/tags?post=324"}],"curies":[{"name":"wp","href":"https:\/\/api.w.org\/{rel}","templated":true}]}}