{"id":744,"date":"2022-02-18T18:03:29","date_gmt":"2022-02-18T17:03:29","guid":{"rendered":"https:\/\/franklin-nanclares.net\/?p=744"},"modified":"2022-02-18T18:04:24","modified_gmt":"2022-02-18T17:04:24","slug":"ya-no-me-quiero-quedar-donde-no-puedo-crecer","status":"publish","type":"post","link":"https:\/\/franklin-nanclares.net\/index.php\/2022\/02\/18\/ya-no-me-quiero-quedar-donde-no-puedo-crecer\/","title":{"rendered":"Ya no me quiero quedar donde no puedo crecer"},"content":{"rendered":"\n<figure class=\"wp-block-image size-full\"><img loading=\"lazy\" decoding=\"async\" width=\"800\" height=\"800\" src=\"https:\/\/franklin-nanclares.net\/wp-content\/uploads\/2022\/02\/ya-no-quiero-estar-donde-no-puedo-crecer.jpg\" alt=\"ya no me quiero quedar donde no puedo crecer\" class=\"wp-image-738\" srcset=\"https:\/\/franklin-nanclares.net\/wp-content\/uploads\/2022\/02\/ya-no-quiero-estar-donde-no-puedo-crecer.jpg 800w, https:\/\/franklin-nanclares.net\/wp-content\/uploads\/2022\/02\/ya-no-quiero-estar-donde-no-puedo-crecer-300x300.jpg 300w, https:\/\/franklin-nanclares.net\/wp-content\/uploads\/2022\/02\/ya-no-quiero-estar-donde-no-puedo-crecer-150x150.jpg 150w, https:\/\/franklin-nanclares.net\/wp-content\/uploads\/2022\/02\/ya-no-quiero-estar-donde-no-puedo-crecer-768x768.jpg 768w, https:\/\/franklin-nanclares.net\/wp-content\/uploads\/2022\/02\/ya-no-quiero-estar-donde-no-puedo-crecer-100x100.jpg 100w\" sizes=\"auto, (max-width: 767px) 89vw, (max-width: 1000px) 54vw, (max-width: 1071px) 543px, 580px\" \/><\/figure>\n\n\n\n<p>En la vida&nbsp;<strong>para crecer hay que ir superando&nbsp;<a href=\"https:\/\/lamenteesmaravillosa.com\/superando-obstaculos\/\" target=\"_blank\" rel=\"noreferrer noopener\">obst\u00e1culos<\/a><\/strong>. Las circunstancias y el tiempo juegan a veces en contra y nos vemos obligados a someternos a retos que difuminan y dilatan nuestros limites. Pero si algo bueno tienen las situaciones cr\u00edticas es que&nbsp;<strong>una vez las superas, tomas consciencia de lo mucho de lo que eres capaz<\/strong>, que no es precisamente poco. Y quieres m\u00e1s.<\/p>\n\n\n\n<p>M\u00e1s altura. M\u00e1s nivel. M\u00e1s dificultad. M\u00e1s v\u00e9rtigo. M\u00e1s cosquilleos en el est\u00f3mago. M\u00e1s adrenalina. Te enganchas a aumentar kil\u00f3metros a tu resistencia porque la vida desde la cima promete ser maravillosa.<\/p>\n\n\n\n<p>Y lo que en un principio es pura supervivencia o un mero camino para conseguir un objetivo se acaba convirtiendo en una forma de vida. Una obsesi\u00f3n que se focaliza en las metas sin saborear los medios que llevan a ellas. Los kil\u00f3metros de sacrificio y&nbsp;<a href=\"https:\/\/lamenteesmaravillosa.com\/no-desistas-esfuerzate-hacia-el-exito\/\" target=\"_blank\" rel=\"noreferrer noopener\">esfuerzo<\/a>&nbsp;que canalizan los sue\u00f1os m\u00e1s turbulentos.<\/p>\n\n\n\n<p>Al final, todo esto tiene como consecuencia&nbsp;<strong>infravalorar lo conseguido porque aun quedan cosas m\u00e1s dif\u00edciles en el tintero. Tener que ir a por ellas como \u00fanica v\u00eda de escape. Y obligarse a conseguirlas como \u00fanico resultado posible.<\/strong><\/p>\n\n\n\n<p>Ser inconformista y superarse a uno mismo no deja de ser positivo. Estar en continua evoluci\u00f3n, transici\u00f3n y crecimiento es la motivaci\u00f3n m\u00e1s humana que existe.\u00a0<strong>Hasta que esas exigencias se convierten en un vaso que nunca se llena a pesar del sudor derramado en \u00e9l<\/strong>. Hasta que llegar a la cima acaba siendo de todo menos emocionante porque los peros se interponen en la degustaci\u00f3n del podio.<\/p>\n\n\n\n<figure class=\"wp-block-image size-full is-resized\"><img loading=\"lazy\" decoding=\"async\" src=\"https:\/\/franklin-nanclares.net\/wp-content\/uploads\/2022\/02\/yanomequieroqudardondenopuedocrecer2.jpg\" alt=\"no me quiero quedar donde no puedo crecer\" class=\"wp-image-746\" width=\"677\" height=\"446\"\/><\/figure>\n\n\n\n<p><\/p>\n","protected":false},"excerpt":{"rendered":"<p>En la vida&nbsp;para crecer hay que ir superando&nbsp;obst\u00e1culos. Las circunstancias y el tiempo juegan a veces en contra y nos vemos obligados a someternos a retos que difuminan y dilatan nuestros limites. Pero si algo bueno tienen las situaciones cr\u00edticas es que&nbsp;una vez las superas, tomas consciencia de lo mucho de lo que eres capaz, &hellip; <\/p>\n<p class=\"link-more\"><a href=\"https:\/\/franklin-nanclares.net\/index.php\/2022\/02\/18\/ya-no-me-quiero-quedar-donde-no-puedo-crecer\/\" class=\"more-link\">Continuar leyendo<span class=\"screen-reader-text\"> \u00abYa no me quiero quedar donde no puedo crecer\u00bb<\/span><\/a><\/p>\n","protected":false},"author":1,"featured_media":0,"comment_status":"open","ping_status":"open","sticky":false,"template":"","format":"standard","meta":{"footnotes":""},"categories":[1],"tags":[],"class_list":["post-744","post","type-post","status-publish","format-standard","hentry","category-event"],"_links":{"self":[{"href":"https:\/\/franklin-nanclares.net\/index.php\/wp-json\/wp\/v2\/posts\/744","targetHints":{"allow":["GET"]}}],"collection":[{"href":"https:\/\/franklin-nanclares.net\/index.php\/wp-json\/wp\/v2\/posts"}],"about":[{"href":"https:\/\/franklin-nanclares.net\/index.php\/wp-json\/wp\/v2\/types\/post"}],"author":[{"embeddable":true,"href":"https:\/\/franklin-nanclares.net\/index.php\/wp-json\/wp\/v2\/users\/1"}],"replies":[{"embeddable":true,"href":"https:\/\/franklin-nanclares.net\/index.php\/wp-json\/wp\/v2\/comments?post=744"}],"version-history":[{"count":3,"href":"https:\/\/franklin-nanclares.net\/index.php\/wp-json\/wp\/v2\/posts\/744\/revisions"}],"predecessor-version":[{"id":748,"href":"https:\/\/franklin-nanclares.net\/index.php\/wp-json\/wp\/v2\/posts\/744\/revisions\/748"}],"wp:attachment":[{"href":"https:\/\/franklin-nanclares.net\/index.php\/wp-json\/wp\/v2\/media?parent=744"}],"wp:term":[{"taxonomy":"category","embeddable":true,"href":"https:\/\/franklin-nanclares.net\/index.php\/wp-json\/wp\/v2\/categories?post=744"},{"taxonomy":"post_tag","embeddable":true,"href":"https:\/\/franklin-nanclares.net\/index.php\/wp-json\/wp\/v2\/tags?post=744"}],"curies":[{"name":"wp","href":"https:\/\/api.w.org\/{rel}","templated":true}]}}